{"id":714,"date":"2024-10-06T10:00:00","date_gmt":"2024-10-06T10:00:00","guid":{"rendered":"https:\/\/esv-flug.at\/?p=714"},"modified":"2024-10-16T16:10:17","modified_gmt":"2024-10-16T16:10:17","slug":"eroeffnung-der-neuen-esv-werkstaette-2","status":"publish","type":"post","link":"https:\/\/esv-flug.at\/?p=714","title":{"rendered":"Er\u00f6ffnung der neuen ESV-Werkst\u00e4tte"},"content":{"rendered":"\n<p>Am Sa 5.Oktober 2024 wurde feierlich die neue Heimst\u00e4tte des ESV-Amstetten Flugsport er\u00f6ffnet. Nach den Ansprachen vor den Ehreng\u00e4sten konnten die einzelnen Bereiche der drei Vereine besichtigt werden. In der Flugzeug-Werkst\u00e4tte herrschte gro\u00dfer Andrang &#8230; \ud83d\ude09 Hier einige Eindr\u00fccke &#8230;<\/p>\n\n\n\n<figure class=\"wp-block-gallery has-nested-images columns-7 is-cropped wp-block-gallery-1 is-layout-flex wp-block-gallery-is-layout-flex\">\n<figure class=\"wp-block-image size-large\"><img loading=\"lazy\" decoding=\"async\" width=\"800\" height=\"533\" data-id=\"986\" src=\"https:\/\/esv-flug.at\/wp-content\/uploads\/2024\/10\/24_10_05-47.jpg\" alt=\"\" class=\"wp-image-986\" srcset=\"https:\/\/esv-flug.at\/wp-content\/uploads\/2024\/10\/24_10_05-47.jpg 800w, https:\/\/esv-flug.at\/wp-content\/uploads\/2024\/10\/24_10_05-47-300x200.jpg 300w, https:\/\/esv-flug.at\/wp-content\/uploads\/2024\/10\/24_10_05-47-768x512.jpg 768w, https:\/\/esv-flug.at\/wp-content\/uploads\/2024\/10\/24_10_05-47-450x300.jpg 450w\" sizes=\"auto, (max-width: 800px) 100vw, 800px\" \/><\/figure>\n\n\n\n<figure class=\"wp-block-image size-large\"><img loading=\"lazy\" decoding=\"async\" width=\"1024\" height=\"683\" data-id=\"998\" src=\"https:\/\/esv-flug.at\/wp-content\/uploads\/2024\/10\/2024-Eroeffnung-09-1024x683.jpg\" alt=\"\" class=\"wp-image-998\" srcset=\"https:\/\/esv-flug.at\/wp-content\/uploads\/2024\/10\/2024-Eroeffnung-09-1024x683.jpg 1024w, https:\/\/esv-flug.at\/wp-content\/uploads\/2024\/10\/2024-Eroeffnung-09-300x200.jpg 300w, https:\/\/esv-flug.at\/wp-content\/uploads\/2024\/10\/2024-Eroeffnung-09-768x512.jpg 768w, https:\/\/esv-flug.at\/wp-content\/uploads\/2024\/10\/2024-Eroeffnung-09-450x300.jpg 450w, https:\/\/esv-flug.at\/wp-content\/uploads\/2024\/10\/2024-Eroeffnung-09.jpg 1500w\" sizes=\"auto, (max-width: 1024px) 100vw, 1024px\" \/><\/figure>\n\n\n\n<figure class=\"wp-block-image size-large\"><img loading=\"lazy\" decoding=\"async\" width=\"1024\" height=\"683\" data-id=\"997\" src=\"https:\/\/esv-flug.at\/wp-content\/uploads\/2024\/10\/2024-Eroeffnung-08-1024x683.jpg\" alt=\"\" class=\"wp-image-997\" srcset=\"https:\/\/esv-flug.at\/wp-content\/uploads\/2024\/10\/2024-Eroeffnung-08-1024x683.jpg 1024w, https:\/\/esv-flug.at\/wp-content\/uploads\/2024\/10\/2024-Eroeffnung-08-300x200.jpg 300w, https:\/\/esv-flug.at\/wp-content\/uploads\/2024\/10\/2024-Eroeffnung-08-768x512.jpg 768w, https:\/\/esv-flug.at\/wp-content\/uploads\/2024\/10\/2024-Eroeffnung-08-450x300.jpg 450w, https:\/\/esv-flug.at\/wp-content\/uploads\/2024\/10\/2024-Eroeffnung-08.jpg 1500w\" sizes=\"auto, (max-width: 1024px) 100vw, 1024px\" \/><\/figure>\n\n\n\n<figure class=\"wp-block-image size-large\"><img loading=\"lazy\" decoding=\"async\" width=\"1024\" height=\"683\" data-id=\"996\" src=\"https:\/\/esv-flug.at\/wp-content\/uploads\/2024\/10\/2024-Eroeffnung-07-1024x683.jpg\" alt=\"\" class=\"wp-image-996\" srcset=\"https:\/\/esv-flug.at\/wp-content\/uploads\/2024\/10\/2024-Eroeffnung-07-1024x683.jpg 1024w, https:\/\/esv-flug.at\/wp-content\/uploads\/2024\/10\/2024-Eroeffnung-07-300x200.jpg 300w, https:\/\/esv-flug.at\/wp-content\/uploads\/2024\/10\/2024-Eroeffnung-07-768x512.jpg 768w, https:\/\/esv-flug.at\/wp-content\/uploads\/2024\/10\/2024-Eroeffnung-07-450x300.jpg 450w, https:\/\/esv-flug.at\/wp-content\/uploads\/2024\/10\/2024-Eroeffnung-07.jpg 1499w\" sizes=\"auto, (max-width: 1024px) 100vw, 1024px\" \/><\/figure>\n\n\n\n<figure class=\"wp-block-image size-large\"><img loading=\"lazy\" decoding=\"async\" width=\"1024\" height=\"683\" data-id=\"995\" src=\"https:\/\/esv-flug.at\/wp-content\/uploads\/2024\/10\/2024-Eroeffnung-06-1024x683.jpg\" alt=\"\" class=\"wp-image-995\" srcset=\"https:\/\/esv-flug.at\/wp-content\/uploads\/2024\/10\/2024-Eroeffnung-06-1024x683.jpg 1024w, https:\/\/esv-flug.at\/wp-content\/uploads\/2024\/10\/2024-Eroeffnung-06-300x200.jpg 300w, https:\/\/esv-flug.at\/wp-content\/uploads\/2024\/10\/2024-Eroeffnung-06-768x512.jpg 768w, https:\/\/esv-flug.at\/wp-content\/uploads\/2024\/10\/2024-Eroeffnung-06-450x300.jpg 450w, https:\/\/esv-flug.at\/wp-content\/uploads\/2024\/10\/2024-Eroeffnung-06.jpg 1499w\" sizes=\"auto, (max-width: 1024px) 100vw, 1024px\" \/><\/figure>\n\n\n\n<figure class=\"wp-block-image size-large\"><img loading=\"lazy\" decoding=\"async\" width=\"1024\" height=\"683\" data-id=\"994\" src=\"https:\/\/esv-flug.at\/wp-content\/uploads\/2024\/10\/2024-Eroeffnung-05-1024x683.jpg\" alt=\"\" class=\"wp-image-994\" srcset=\"https:\/\/esv-flug.at\/wp-content\/uploads\/2024\/10\/2024-Eroeffnung-05-1024x683.jpg 1024w, https:\/\/esv-flug.at\/wp-content\/uploads\/2024\/10\/2024-Eroeffnung-05-300x200.jpg 300w, https:\/\/esv-flug.at\/wp-content\/uploads\/2024\/10\/2024-Eroeffnung-05-768x512.jpg 768w, https:\/\/esv-flug.at\/wp-content\/uploads\/2024\/10\/2024-Eroeffnung-05-450x300.jpg 450w, https:\/\/esv-flug.at\/wp-content\/uploads\/2024\/10\/2024-Eroeffnung-05.jpg 1500w\" sizes=\"auto, (max-width: 1024px) 100vw, 1024px\" \/><\/figure>\n\n\n\n<figure class=\"wp-block-image size-large\"><img loading=\"lazy\" decoding=\"async\" width=\"1024\" height=\"683\" data-id=\"993\" src=\"https:\/\/esv-flug.at\/wp-content\/uploads\/2024\/10\/2024-Eroeffnung-04-1024x683.jpg\" alt=\"\" class=\"wp-image-993\" srcset=\"https:\/\/esv-flug.at\/wp-content\/uploads\/2024\/10\/2024-Eroeffnung-04-1024x683.jpg 1024w, https:\/\/esv-flug.at\/wp-content\/uploads\/2024\/10\/2024-Eroeffnung-04-300x200.jpg 300w, https:\/\/esv-flug.at\/wp-content\/uploads\/2024\/10\/2024-Eroeffnung-04-768x512.jpg 768w, https:\/\/esv-flug.at\/wp-content\/uploads\/2024\/10\/2024-Eroeffnung-04-450x300.jpg 450w, https:\/\/esv-flug.at\/wp-content\/uploads\/2024\/10\/2024-Eroeffnung-04.jpg 1500w\" sizes=\"auto, (max-width: 1024px) 100vw, 1024px\" \/><\/figure>\n\n\n\n<figure class=\"wp-block-image size-large\"><img loading=\"lazy\" decoding=\"async\" width=\"1024\" height=\"683\" data-id=\"992\" src=\"https:\/\/esv-flug.at\/wp-content\/uploads\/2024\/10\/2024-Eroeffnung-02-1024x683.jpg\" alt=\"\" class=\"wp-image-992\" srcset=\"https:\/\/esv-flug.at\/wp-content\/uploads\/2024\/10\/2024-Eroeffnung-02-1024x683.jpg 1024w, https:\/\/esv-flug.at\/wp-content\/uploads\/2024\/10\/2024-Eroeffnung-02-300x200.jpg 300w, https:\/\/esv-flug.at\/wp-content\/uploads\/2024\/10\/2024-Eroeffnung-02-768x512.jpg 768w, https:\/\/esv-flug.at\/wp-content\/uploads\/2024\/10\/2024-Eroeffnung-02-450x300.jpg 450w, https:\/\/esv-flug.at\/wp-content\/uploads\/2024\/10\/2024-Eroeffnung-02.jpg 1500w\" sizes=\"auto, (max-width: 1024px) 100vw, 1024px\" \/><\/figure>\n\n\n\n<figure class=\"wp-block-image size-large\"><img loading=\"lazy\" decoding=\"async\" width=\"800\" height=\"533\" data-id=\"991\" src=\"https:\/\/esv-flug.at\/wp-content\/uploads\/2024\/10\/24_10_05-52.jpg\" alt=\"\" class=\"wp-image-991\" srcset=\"https:\/\/esv-flug.at\/wp-content\/uploads\/2024\/10\/24_10_05-52.jpg 800w, https:\/\/esv-flug.at\/wp-content\/uploads\/2024\/10\/24_10_05-52-300x200.jpg 300w, https:\/\/esv-flug.at\/wp-content\/uploads\/2024\/10\/24_10_05-52-768x512.jpg 768w, https:\/\/esv-flug.at\/wp-content\/uploads\/2024\/10\/24_10_05-52-450x300.jpg 450w\" sizes=\"auto, (max-width: 800px) 100vw, 800px\" \/><\/figure>\n\n\n\n<figure class=\"wp-block-image size-large\"><img loading=\"lazy\" decoding=\"async\" width=\"800\" height=\"533\" data-id=\"990\" src=\"https:\/\/esv-flug.at\/wp-content\/uploads\/2024\/10\/24_10_05-51.jpg\" alt=\"\" class=\"wp-image-990\" srcset=\"https:\/\/esv-flug.at\/wp-content\/uploads\/2024\/10\/24_10_05-51.jpg 800w, https:\/\/esv-flug.at\/wp-content\/uploads\/2024\/10\/24_10_05-51-300x200.jpg 300w, https:\/\/esv-flug.at\/wp-content\/uploads\/2024\/10\/24_10_05-51-768x512.jpg 768w, https:\/\/esv-flug.at\/wp-content\/uploads\/2024\/10\/24_10_05-51-450x300.jpg 450w\" sizes=\"auto, (max-width: 800px) 100vw, 800px\" \/><\/figure>\n\n\n\n<figure class=\"wp-block-image size-large\"><img loading=\"lazy\" decoding=\"async\" width=\"800\" height=\"533\" data-id=\"989\" src=\"https:\/\/esv-flug.at\/wp-content\/uploads\/2024\/10\/24_10_05-50.jpg\" alt=\"\" class=\"wp-image-989\" srcset=\"https:\/\/esv-flug.at\/wp-content\/uploads\/2024\/10\/24_10_05-50.jpg 800w, https:\/\/esv-flug.at\/wp-content\/uploads\/2024\/10\/24_10_05-50-300x200.jpg 300w, https:\/\/esv-flug.at\/wp-content\/uploads\/2024\/10\/24_10_05-50-768x512.jpg 768w, https:\/\/esv-flug.at\/wp-content\/uploads\/2024\/10\/24_10_05-50-450x300.jpg 450w\" sizes=\"auto, (max-width: 800px) 100vw, 800px\" \/><\/figure>\n\n\n\n<figure class=\"wp-block-image size-large\"><img loading=\"lazy\" decoding=\"async\" width=\"800\" height=\"533\" data-id=\"987\" src=\"https:\/\/esv-flug.at\/wp-content\/uploads\/2024\/10\/24_10_05-48.jpg\" alt=\"\" class=\"wp-image-987\" srcset=\"https:\/\/esv-flug.at\/wp-content\/uploads\/2024\/10\/24_10_05-48.jpg 800w, https:\/\/esv-flug.at\/wp-content\/uploads\/2024\/10\/24_10_05-48-300x200.jpg 300w, https:\/\/esv-flug.at\/wp-content\/uploads\/2024\/10\/24_10_05-48-768x512.jpg 768w, https:\/\/esv-flug.at\/wp-content\/uploads\/2024\/10\/24_10_05-48-450x300.jpg 450w\" sizes=\"auto, (max-width: 800px) 100vw, 800px\" \/><\/figure>\n\n\n\n<figure class=\"wp-block-image size-large\"><img loading=\"lazy\" decoding=\"async\" width=\"800\" height=\"533\" data-id=\"988\" src=\"https:\/\/esv-flug.at\/wp-content\/uploads\/2024\/10\/24_10_05-49.jpg\" alt=\"\" class=\"wp-image-988\" srcset=\"https:\/\/esv-flug.at\/wp-content\/uploads\/2024\/10\/24_10_05-49.jpg 800w, https:\/\/esv-flug.at\/wp-content\/uploads\/2024\/10\/24_10_05-49-300x200.jpg 300w, https:\/\/esv-flug.at\/wp-content\/uploads\/2024\/10\/24_10_05-49-768x512.jpg 768w, https:\/\/esv-flug.at\/wp-content\/uploads\/2024\/10\/24_10_05-49-450x300.jpg 450w\" sizes=\"auto, (max-width: 800px) 100vw, 800px\" \/><\/figure>\n\n\n\n<figure class=\"wp-block-image size-large\"><img loading=\"lazy\" decoding=\"async\" width=\"800\" height=\"533\" data-id=\"985\" src=\"https:\/\/esv-flug.at\/wp-content\/uploads\/2024\/10\/24_10_05-46.jpg\" alt=\"\" class=\"wp-image-985\" srcset=\"https:\/\/esv-flug.at\/wp-content\/uploads\/2024\/10\/24_10_05-46.jpg 800w, https:\/\/esv-flug.at\/wp-content\/uploads\/2024\/10\/24_10_05-46-300x200.jpg 300w, https:\/\/esv-flug.at\/wp-content\/uploads\/2024\/10\/24_10_05-46-768x512.jpg 768w, https:\/\/esv-flug.at\/wp-content\/uploads\/2024\/10\/24_10_05-46-450x300.jpg 450w\" sizes=\"auto, (max-width: 800px) 100vw, 800px\" \/><\/figure>\n\n\n\n<figure class=\"wp-block-image size-large\"><img loading=\"lazy\" decoding=\"async\" width=\"800\" height=\"533\" data-id=\"983\" src=\"https:\/\/esv-flug.at\/wp-content\/uploads\/2024\/10\/24_10_05-44.jpg\" alt=\"\" class=\"wp-image-983\" srcset=\"https:\/\/esv-flug.at\/wp-content\/uploads\/2024\/10\/24_10_05-44.jpg 800w, https:\/\/esv-flug.at\/wp-content\/uploads\/2024\/10\/24_10_05-44-300x200.jpg 300w, https:\/\/esv-flug.at\/wp-content\/uploads\/2024\/10\/24_10_05-44-768x512.jpg 768w, https:\/\/esv-flug.at\/wp-content\/uploads\/2024\/10\/24_10_05-44-450x300.jpg 450w\" sizes=\"auto, (max-width: 800px) 100vw, 800px\" \/><\/figure>\n\n\n\n<figure class=\"wp-block-image size-large\"><img loading=\"lazy\" decoding=\"async\" width=\"800\" height=\"533\" data-id=\"984\" src=\"https:\/\/esv-flug.at\/wp-content\/uploads\/2024\/10\/24_10_05-45.jpg\" alt=\"\" class=\"wp-image-984\" srcset=\"https:\/\/esv-flug.at\/wp-content\/uploads\/2024\/10\/24_10_05-45.jpg 800w, https:\/\/esv-flug.at\/wp-content\/uploads\/2024\/10\/24_10_05-45-300x200.jpg 300w, https:\/\/esv-flug.at\/wp-content\/uploads\/2024\/10\/24_10_05-45-768x512.jpg 768w, https:\/\/esv-flug.at\/wp-content\/uploads\/2024\/10\/24_10_05-45-450x300.jpg 450w\" sizes=\"auto, (max-width: 800px) 100vw, 800px\" \/><\/figure>\n\n\n\n<figure class=\"wp-block-image size-large\"><img loading=\"lazy\" decoding=\"async\" width=\"800\" height=\"533\" data-id=\"980\" src=\"https:\/\/esv-flug.at\/wp-content\/uploads\/2024\/10\/24_10_05-41.jpg\" alt=\"\" class=\"wp-image-980\" srcset=\"https:\/\/esv-flug.at\/wp-content\/uploads\/2024\/10\/24_10_05-41.jpg 800w, https:\/\/esv-flug.at\/wp-content\/uploads\/2024\/10\/24_10_05-41-300x200.jpg 300w, https:\/\/esv-flug.at\/wp-content\/uploads\/2024\/10\/24_10_05-41-768x512.jpg 768w, https:\/\/esv-flug.at\/wp-content\/uploads\/2024\/10\/24_10_05-41-450x300.jpg 450w\" sizes=\"auto, (max-width: 800px) 100vw, 800px\" \/><\/figure>\n\n\n\n<figure class=\"wp-block-image size-large\"><img loading=\"lazy\" decoding=\"async\" width=\"800\" height=\"533\" data-id=\"979\" src=\"https:\/\/esv-flug.at\/wp-content\/uploads\/2024\/10\/24_10_05-40.jpg\" alt=\"\" class=\"wp-image-979\" srcset=\"https:\/\/esv-flug.at\/wp-content\/uploads\/2024\/10\/24_10_05-40.jpg 800w, https:\/\/esv-flug.at\/wp-content\/uploads\/2024\/10\/24_10_05-40-300x200.jpg 300w, https:\/\/esv-flug.at\/wp-content\/uploads\/2024\/10\/24_10_05-40-768x512.jpg 768w, https:\/\/esv-flug.at\/wp-content\/uploads\/2024\/10\/24_10_05-40-450x300.jpg 450w\" sizes=\"auto, (max-width: 800px) 100vw, 800px\" \/><\/figure>\n\n\n\n<figure class=\"wp-block-image size-large\"><img loading=\"lazy\" decoding=\"async\" width=\"533\" height=\"800\" data-id=\"978\" src=\"https:\/\/esv-flug.at\/wp-content\/uploads\/2024\/10\/24_10_05-39.jpg\" alt=\"\" class=\"wp-image-978\" srcset=\"https:\/\/esv-flug.at\/wp-content\/uploads\/2024\/10\/24_10_05-39.jpg 533w, https:\/\/esv-flug.at\/wp-content\/uploads\/2024\/10\/24_10_05-39-200x300.jpg 200w\" sizes=\"auto, (max-width: 533px) 100vw, 533px\" \/><\/figure>\n\n\n\n<figure class=\"wp-block-image size-large\"><img loading=\"lazy\" decoding=\"async\" width=\"800\" height=\"533\" data-id=\"977\" src=\"https:\/\/esv-flug.at\/wp-content\/uploads\/2024\/10\/24_10_05-38.jpg\" alt=\"\" class=\"wp-image-977\" srcset=\"https:\/\/esv-flug.at\/wp-content\/uploads\/2024\/10\/24_10_05-38.jpg 800w, https:\/\/esv-flug.at\/wp-content\/uploads\/2024\/10\/24_10_05-38-300x200.jpg 300w, https:\/\/esv-flug.at\/wp-content\/uploads\/2024\/10\/24_10_05-38-768x512.jpg 768w, https:\/\/esv-flug.at\/wp-content\/uploads\/2024\/10\/24_10_05-38-450x300.jpg 450w\" sizes=\"auto, (max-width: 800px) 100vw, 800px\" \/><\/figure>\n<\/figure>\n\n\n\n<p><a href=\"https:\/\/www.gemeindetv.at\/mediathek.die_eroeffnung_des_neuen_esv_vereinsgebaeudes_in_amstetten?v=9799&#038;m3_page=1&#038;m3_types[]=\">Beitrag M4TV &#8211; Er\u00f6fnungstag<\/a><\/p>\n\n\n\n<p><\/p>\n","protected":false},"excerpt":{"rendered":"<p>Am Sa 5.Oktober 2024 wurde feierlich die neue Heimst\u00e4tte des ESV-Amstetten Flugsport er\u00f6ffnet. Nach den Ansprachen vor den Ehreng\u00e4sten konnten die einzelnen Bereiche der drei Vereine besichtigt werden. In der Flugzeug-Werkst\u00e4tte herrschte gro\u00dfer Andrang &#8230; \ud83d\ude09 Hier einige Eindr\u00fccke &#8230; &hellip; <a href=\"https:\/\/esv-flug.at\/?p=714\">Weiterlesen <span class=\"meta-nav\">&rarr;<\/span><\/a><\/p>\n","protected":false},"author":1,"featured_media":0,"comment_status":"closed","ping_status":"open","sticky":false,"template":"","format":"standard","meta":{"footnotes":""},"categories":[2],"tags":[],"class_list":["post-714","post","type-post","status-publish","format-standard","hentry","category-allgemein"],"_links":{"self":[{"href":"https:\/\/esv-flug.at\/index.php?rest_route=\/wp\/v2\/posts\/714","targetHints":{"allow":["GET"]}}],"collection":[{"href":"https:\/\/esv-flug.at\/index.php?rest_route=\/wp\/v2\/posts"}],"about":[{"href":"https:\/\/esv-flug.at\/index.php?rest_route=\/wp\/v2\/types\/post"}],"author":[{"embeddable":true,"href":"https:\/\/esv-flug.at\/index.php?rest_route=\/wp\/v2\/users\/1"}],"replies":[{"embeddable":true,"href":"https:\/\/esv-flug.at\/index.php?rest_route=%2Fwp%2Fv2%2Fcomments&post=714"}],"version-history":[{"count":5,"href":"https:\/\/esv-flug.at\/index.php?rest_route=\/wp\/v2\/posts\/714\/revisions"}],"predecessor-version":[{"id":1001,"href":"https:\/\/esv-flug.at\/index.php?rest_route=\/wp\/v2\/posts\/714\/revisions\/1001"}],"wp:attachment":[{"href":"https:\/\/esv-flug.at\/index.php?rest_route=%2Fwp%2Fv2%2Fmedia&parent=714"}],"wp:term":[{"taxonomy":"category","embeddable":true,"href":"https:\/\/esv-flug.at\/index.php?rest_route=%2Fwp%2Fv2%2Fcategories&post=714"},{"taxonomy":"post_tag","embeddable":true,"href":"https:\/\/esv-flug.at\/index.php?rest_route=%2Fwp%2Fv2%2Ftags&post=714"}],"curies":[{"name":"wp","href":"https:\/\/api.w.org\/{rel}","templated":true}]}}