{"id":433,"date":"2021-05-11T22:39:36","date_gmt":"2021-05-11T20:39:36","guid":{"rendered":"http:\/\/neu.esv-flug.at\/?p=433"},"modified":"2021-05-11T22:39:36","modified_gmt":"2021-05-11T20:39:36","slug":"vereinsrekorde-alex-vilics-fliegt-930km-michael-maurer-fliegt-850km","status":"publish","type":"post","link":"https:\/\/esv-flug.at\/?p=433","title":{"rendered":"Vereinsrekorde &#8211; Alex Vilics fliegt 930km &#8211; Michael Maurer fliegt 850km"},"content":{"rendered":"\n<p> Am 11. Mai flog Alexander in einem Segelflugzeug der Type &#8222;Ventus 2cM  18m&#8220; 930 Kilometer. Er startete um 8 Uhr 40 am Flugplatz Seitenstetten.  Sein Segelflug f\u00fchrte ihn nach Sankt Gallen, dann nach Pesendorf,  Gu\u00dfwerk, Kelchsau, Lainbach, Almh\u00e4user und Biberbach. Um 17 Uhr 43, nach  9 Stunden 2 landete er in Seitenstetten. <br> Mit dem Flug konnte er den 15ten Platz in der Tageswertung der dezentralen Staatsmeisterschaft im Streckensegelflug erfliegen!  <\/p>\n\n\n\n<p><a href=\"https:\/\/sis.streckenflug.at\/index.php?inc=flug&#038;id=62316\">https:\/\/sis.streckenflug.at\/index.php?inc=flug&#038;id=62316<\/a><\/p>\n\n\n\n<p>\nAm 11. Mai flog Michael in einem Segelflugzeug der Type &#8222;DG 800 18m&#8220; 848\n Kilometer. Er startete um 8 Uhr 41 am Flugplatz Seitenstetten. Sein \nSegelflug f\u00fchrte ihn nach Sankt Gallen, dann nach Stockach, Gu\u00dfwerk, \nUllach, Aflenz Land, Puchenstuben und Sankt Mich\u00e4l am Bruckbach. Um 17 \nUhr 52, nach 9 Stunden 10 landete er in Seitenstetten. <br>\nMit dem Flug konnte er den 17ten Platz in der Tageswertung der dezentralen Staatsmeisterschaft im Streckensegelflug erfliegen! \n\n<\/p>\n\n\n\n<p><a href=\"https:\/\/sis.streckenflug.at\/index.php?inc=flug&#038;id=62307\">https:\/\/sis.streckenflug.at\/index.php?inc=flug&#038;id=62307<\/a><\/p>\n","protected":false},"excerpt":{"rendered":"<p>Am 11. Mai flog Alexander in einem Segelflugzeug der Type &#8222;Ventus 2cM 18m&#8220; 930 Kilometer. Er startete um 8 Uhr 40 am Flugplatz Seitenstetten. Sein Segelflug f\u00fchrte ihn nach Sankt Gallen, dann nach Pesendorf, Gu\u00dfwerk, Kelchsau, Lainbach, Almh\u00e4user und Biberbach. &hellip; <a href=\"https:\/\/esv-flug.at\/?p=433\">Weiterlesen <span class=\"meta-nav\">&rarr;<\/span><\/a><\/p>\n","protected":false},"author":1,"featured_media":0,"comment_status":"open","ping_status":"open","sticky":false,"template":"","format":"standard","meta":{"footnotes":""},"categories":[2],"tags":[],"class_list":["post-433","post","type-post","status-publish","format-standard","hentry","category-allgemein"],"_links":{"self":[{"href":"https:\/\/esv-flug.at\/index.php?rest_route=\/wp\/v2\/posts\/433","targetHints":{"allow":["GET"]}}],"collection":[{"href":"https:\/\/esv-flug.at\/index.php?rest_route=\/wp\/v2\/posts"}],"about":[{"href":"https:\/\/esv-flug.at\/index.php?rest_route=\/wp\/v2\/types\/post"}],"author":[{"embeddable":true,"href":"https:\/\/esv-flug.at\/index.php?rest_route=\/wp\/v2\/users\/1"}],"replies":[{"embeddable":true,"href":"https:\/\/esv-flug.at\/index.php?rest_route=%2Fwp%2Fv2%2Fcomments&post=433"}],"version-history":[{"count":0,"href":"https:\/\/esv-flug.at\/index.php?rest_route=\/wp\/v2\/posts\/433\/revisions"}],"wp:attachment":[{"href":"https:\/\/esv-flug.at\/index.php?rest_route=%2Fwp%2Fv2%2Fmedia&parent=433"}],"wp:term":[{"taxonomy":"category","embeddable":true,"href":"https:\/\/esv-flug.at\/index.php?rest_route=%2Fwp%2Fv2%2Fcategories&post=433"},{"taxonomy":"post_tag","embeddable":true,"href":"https:\/\/esv-flug.at\/index.php?rest_route=%2Fwp%2Fv2%2Ftags&post=433"}],"curies":[{"name":"wp","href":"https:\/\/api.w.org\/{rel}","templated":true}]}}